{"id":3960,"date":"2025-04-26T08:54:51","date_gmt":"2025-04-26T08:54:51","guid":{"rendered":"https:\/\/www.circuito-estoril.pt\/cnv1-2025-arranca-no-estoril-com-muita-adrenalina\/"},"modified":"2025-09-13T11:17:16","modified_gmt":"2025-09-13T11:17:16","slug":"cnv1-2025-arranca-no-estoril-com-muita-adrenalina","status":"publish","type":"post","link":"https:\/\/www.circuito-estoril.pt\/en\/cnv1-2025-arranca-no-estoril-com-muita-adrenalina\/","title":{"rendered":"Os primeiros vencedores do CNV 2025"},"content":{"rendered":"<p>A mild and sunny morning greeted teams, riders and the public at the Estoril Circuit to host the opening of the 2025 season of the National Speed \u200b\u200bChampionship (CNV). With a total of 69 entrants for the first race of the year, the Estoril circuit would be the stage for the initial duels in the Superbikes (SBK), Superstock 600 (STK600), Supersport 300 (SSP 300), Premoto 3 (PM3), Naked Bikes (NB), Moto 4 (M4), Moto 5 (M5) and the Dunlop Motoval Cup (CDM) groups.<\/p>\n<p>A day full of action, adrenaline and uncertainty with timed practice sessions in the morning and the first races in the afternoon. The 2nd round of the FIM Sidecar World Championship is also an integral part of this weekend&#8217;s sporting programme, which, as always, provides unique images.<\/p>\n<p><img loading=\"lazy\" decoding=\"async\" class=\"alignnone size-large wp-image-3954\" src=\"https:\/\/www.circuito-estoril.pt\/wp-content\/uploads\/2025\/04\/MG_9401-1024x576.png\" alt=\"\" width=\"980\" height=\"551\" srcset=\"https:\/\/www.circuito-estoril.pt\/wp-content\/uploads\/2025\/04\/MG_9401-1024x576.png 1024w, https:\/\/www.circuito-estoril.pt\/wp-content\/uploads\/2025\/04\/MG_9401-300x169.png 300w, https:\/\/www.circuito-estoril.pt\/wp-content\/uploads\/2025\/04\/MG_9401-768x432.png 768w, https:\/\/www.circuito-estoril.pt\/wp-content\/uploads\/2025\/04\/MG_9401-1536x864.png 1536w, https:\/\/www.circuito-estoril.pt\/wp-content\/uploads\/2025\/04\/MG_9401.png 1800w\" sizes=\"auto, (max-width: 980px) 100vw, 980px\" \/><\/p>\n<p>PHOTO: <strong><a href=\"https:\/\/www.instagram.com\/joaosantosmotorsport\/\">Jo\u00e3o Santos Motorsport<\/a><\/strong><\/p>\n<p><strong>RACE 1 &#8211; MOTO4 \/ MOTO5<\/strong><\/p>\n<p><strong>Tom\u00e1s Carneiro scores his first victory of the season in MOTO4 and Tom\u00e1s Santos is the strongest in MOTO5<\/strong><\/p>\n<p>With the pelotons lined up by category, in the MOTO4 category, Tom\u00e1s Carneiro set the fastest time on his BEON with 2:04.011s, while in the MOTO5 category, Tom\u00e1s Santos, from Rosado Team, was the strongest with a time of 2:08.145s. In the TOP 3 in the MOTO5 category, Tom\u00e1s Santos, Tom\u00e1s Canarias and Diego Ribeiro were the strongest, with Tom\u00e1s Carneiro and Gon\u00e7alo Santos being the only ones registered in MOTO4.<\/p>\n<p>As expected, as a result of the difference in pace between the two classes, the grid featured Tom\u00e1s Carneiro (MOTO4) on Pole accompanied on the front row by Gon\u00e7alo Santos (MOTO4) and Tom\u00e1s Santos (MOTO5). Also worth highlighting was the presence of the F\u00e1bio Racing Team drivers, Carolina Azevedo and Lara Pinto, who started in 7th and 8th positions respectively.<\/p>\n<p>The green light for the first race of the season with 10 laps to complete on the Estoril circuit&#8230; An exemplary start from Carneiro (MOTO4) who took the lead when braking for turn 1, with Gon\u00e7alo Santos (MOTO4) and Tom\u00e1s Santos (MOTO5) in hot pursuit. The interest and uncertainty of the race were focused on the fight for the lowest place on the podium with Tom\u00e1s Santos and Diego Ribeiro in contention in the first laps. However, this fight would not last long as Santos was stronger and quickly opened up a good lead over Ribeiro. Further back, Jo\u00e3o Cancelinha occupied 5th place overall and was 3rd in the MOTO5 category.<\/p>\n<p>With a constant pace and only timid opposition from Gon\u00e7alo Santos, Tom\u00e1s Carneiro led from the first to the last meter, always maintaining a comfortable distance over his opponent. The Beon rider thus marked the start of the championship with his first victory and leaves excellent signs for Sunday&#8217;s race. Gon\u00e7alo Santos would be 2nd overall with his MIR and Tom\u00e1s Santos 3rd.<\/p>\n<p>In the TOP3 among the MOTO4, Tom\u00e1s Carneiro and Gon\u00e7alo Santos. Among the MOTO4, Tom\u00e1s Santos, Diego Ribeiro and Tom\u00e1s Canarias closing.<\/p>\n<p>&nbsp;<\/p>\n<p><strong>RACE 1 &#8211; SSP300 \/ PREMOTO3<\/strong><\/p>\n<p><strong>Afonso Almeida wins in PREMOTO3 and Vasco Camoesas sets the pace in SSP300<\/strong><\/p>\n<p>In SSP300, Tom\u00e1s Alonso imposed his law, with 1:51.594s and in PREMOTO3, Afonso Almeida secured the top spot with 1:52.441s. In the TOP 3 of SSP300, Tom\u00e1s Alonso, Guilherme Gomes and Vasco Camoesas. In PREMOTO3, the TOP 3 was given to Afonso Almeida, Alexandre Cab\u00e1 and Frederico Guimar\u00e3es. For the second race of the day and the first of the current season for the SSP300 and PREMOTO3, Pole position went to Tom\u00e1s Alonso (SSP300) who shared the front row with Afonso Almeida (SSP300) and Alexandre Cab\u00e1 (PREMOTO3).<\/p>\n<p>In one of the most interesting and competitive races of the day, the SSP300 and PREMOTO3 launched themselves into the 14 scheduled laps and the &#8220;mix&#8221; between the classes in terms of the overall classification was always uncertain. The first braking for turn 1 would give the lead to a motivated Tom\u00e1s Alonso (SSP300), with Afonso Almeida (PREMOTO3) and Alexandre Cab\u00e1 (PREMOTO3) on his wheel.<\/p>\n<p>Alonso&#8217;s very strong pace allowed the CF Moto rider to gain a 3s advantage in the first two laps, but a crash at turn 7 and subsequent retirement suddenly ended expectations of a brilliant result for the opening of the championship. The one who benefited from this situation was Afonso Almeida, who took the lead and quickly got rid of Cab\u00e1, as after 7 laps Almeida had a lead of over 20s over his class rival. There was also an interesting battle with Frederico Guimar\u00e3es and Vasco Camoesas, who were racing and livening up the laps of Estoril, separated by tenths of a second. Until the end Afonso Almeida kept his Honda on the correct trajectories and with good time management and race strategy he crossed the finish line in first, with Alexandre Cab\u00e1 taking the middle of the podium. Frederico Guimar\u00e3es and Vasco Camoesas fought for 3rd place until the 12th lap, when Guimar\u00e3es managed to open up a 2s lead and tried to hold on until the end. This final effort led to the Honda rider&#8217;s crash at turn 10, handing Vasco Camoesas the lowest spot on the podium. Overall, the victory would go to Afonso Almeida (PREMOTO3), followed by Alexandre Cab\u00e1 (PREMOTO3) and Vasco Camoesas (SSP300).<\/p>\n<p>As for the TOP3 by class, among the PREMOTO3, Afonso Almeida, Alexandre Cab\u00e1 and Tiago Jo\u00e3o would be the protagonists, with Vasco Camoesas, Martim Garcia and Louren\u00e7o Vicente securing the TOP3 in the SSP300.<\/p>\n<p>&nbsp;<\/p>\n<p><strong>RACE 1 &#8211; NAKED BIKE TROPHY (NB1 \/ NB2)<\/strong><\/p>\n<p><strong>Duarte Amaral takes P1 in NB1. <\/strong><strong>Fr\u00e9d\u00e8ric Bottoglieri from behind to the front in NB2<\/strong><\/p>\n<p>In a group of 17 registered riders and with the Naked Bikes divided into the NB1 and NB2 classes, Duarte Amaral (NB1) took his BMW S1000R to the top spot in NB1, completing the fastest lap in 1:47.292s and also taking Pole position. Lu\u00eds Franco and Lu\u00eds Ferreira closed the TOP3 in the class. In NB2, Fr\u00e9d\u00e8ric Bottoglieri was the strongest and scored a time of 1:49.832s with Marcos Leal and Augusto Machado closing the TOP3.<\/p>\n<p>Naked Bike grid led by Duarte Amaral (NB1) with Pole position, accompanied by Lu\u00eds Franco (NB1) and Lu\u00eds Ferreira (NB1). Fr\u00e9d\u00e8ric Bottoglieri, the strongest among the NB2s, was in 4th place. Green light and the usual \u201cshrike\u201d until turn 1 where Duarte Amaral took charge of the race with Lu\u00eds Franco, Jo\u00e3o Curva (starting from 8th position on the grid) and Marcos Leal (starting from 10th position on the grid) surprising the competition.<\/p>\n<p>Duarte Amaral would not relinquish the lead again during the scheduled 10 laps and it was with authority that he imposed a 10-second advantage over the pack at the finish line, securing his first victory of the season. Lu\u00eds Franco, despite being unable to keep up with Amaral, managed the race well and climbed to the middle of the podium, 20 seconds ahead of the 3rd overall.<\/p>\n<p>And it was precisely the fight for 3rd overall that was the most exciting part of the race. With constant changes of position, the first laps saw Marcos Leal, Jo\u00e3o Curva and an emerging Fr\u00e9d\u00e8ric Bottoglieri arguing for a place on the podium. Leal would end up sinking in the classification while Ricardo Almeida and Nuno Farias joined \u201cthe party\u201d&#8230; but the pace was on Bottoglieri&#8217;s side, who managed to overtake Curva and Almeida in the final laps. The Triumph ST 765RS rider ended up \u201cfinding\u201d almost 1s of advantage and took 3rd place overall at the finish line, followed by Curva, Almeida and Farias.<\/p>\n<p>By class, in the TOP3 of NB1, Duarte Amaral, Lu\u00eds Franco and Jo\u00e3o Curva, in NB2, Fr\u00e9d\u00e8ric Bottoglieri, Marcos Leal and Augusto Machado.<\/p>\n<p>&nbsp;<\/p>\n<p><strong>RACE 1 &#8211; SBK \/ DUNLOP MOTOVAL CUP (CDM 1 \/ CDM2) \/ STK600<\/strong><\/p>\n<p><strong>Sheridan Morais in P1 of the SBK, Martim Jesus takes the top spot in the STK600<\/strong><\/p>\n<p><strong>Vasco Silva wins the CDM1 and Manuel Teixeira dominates in the CDM1.<\/strong><\/p>\n<p>To close the first day of competition, the national SBK, STK 600 and Dunlop Motoval Cup teams had 22 riders on the grid. Absolute pole position went to Sheridan Morais (SBK) with 1:42.44s, with Ricardo Lopes (SBK) and Miguel Rom\u00e3o (SBK) alongside him on the front row for the scheduled 15 laps. Dany Soares, the strongest among the CDM2s, occupied 4th place on the grid. Martim Jesus, from Team Moto Clube Loul\u00e9, who prevailed among the STK600s, was 6th and Carlos Pederneira (CMD1) was 10th. The stage was set for the final race of the first day of competition at the start of the CNV 2025.<\/p>\n<p>A very &#8220;tight&#8221; start with Sheridan Morais, Miguel Rom\u00e3o and Ricardo Lopes (all SBK) swapping positions among themselves at the front of the race in the first corners, with Vasco Silva (CDM2) putting the Yamaha R1 in the fight. At the start of the 2nd lap, Lopes imposed his experience and knowledge of the track and left Rom\u00e3o and Morais 2s behind, while Afonso Cruz (SBK) relegated Vasco Silva to 4th. The atmosphere was &#8220;warm&#8221; and on the 4th lap Lopes increased his distance, benefiting from the heated battle between Rom\u00e3o and Morais. Meanwhile, Danny Soares was the best among the CDM2s and was in 5th place with Martim Jesus (STK600) in 6th. The best among the CDM1s was Wagner Pederneira in 12th place.<\/p>\n<p>After just one lap, the 5th, Sheridan Morais broke free from Rom\u00e3o and launched an attack for the lead&#8230; 0.467s was the difference to Lopes in a duel of titans, with Rom\u00e3o already more than 3s behind. With half the race distance completed, Lopes, who felt the pressure from Sheridan, managed a tiny gap of between 0.134s and 0.384s to Sheridan&#8230; who would win?<\/p>\n<p>The fight between the men from RL58-Racing School and Mawiki Racing Team promised to take the decision to the finish line when, on the 14th lap, Sheridan overtook Lopes and \u201cran away\u201d to victory&#8230; and in impressive fashion, with a gain of 3.9s in a lap and a half. Sheridan Morais thus showed what he was made of and in an imperial fashion secured his first victory of the season in SBK. Ricardo Lopes and Miguel Rom\u00e3o (both SBK) are 2nd and 3rd respectively.<\/p>\n<p>In the STK600, Martim Jesus wins, finishing 6th overall, with Vitor Silva (11th overall) and Rui Afonso (12th overall) closing the TOP3. In the CMD2, Vasco Silva (6th overall) was the strongest, with Ricardo Rodrigues (7th overall) and Rui Palma (14th overall) entering the TOP3. In the CMD1, Manuel Teixeira (15th overall) stood out, with Tiago Pires (16th overall) and Afonso de Sousa (18th overall) writing their names in the TOP3.<\/p>\n<p>Circuito Estoril<\/p>\n","protected":false},"excerpt":{"rendered":"<p>A mild and sunny morning greeted teams, riders and the public at the Estoril Circuit to host the opening of the 2025 season of the National Speed \u200b\u200bChampionship (CNV). With a total of 69 entrants for the first race of the year, the Estoril circuit would be the stage for the initial duels in the [&hellip;]<\/p>\n","protected":false},"author":3,"featured_media":3955,"comment_status":"closed","ping_status":"closed","sticky":false,"template":"","format":"standard","meta":{"footnotes":""},"categories":[50,51],"tags":[],"class_list":["post-3960","post","type-post","status-publish","format-standard","has-post-thumbnail","hentry","category-bikes-en","category-cnv-en"],"acf":[],"yoast_head":"<!-- This site is optimized with the Yoast SEO plugin v21.4 - https:\/\/yoast.com\/wordpress\/plugins\/seo\/ -->\n<title>Os primeiros vencedores do CNV 2025 - Circuito Estoril<\/title>\n<meta name=\"description\" content=\"Campeonato Nacional Velocidade arrancou hoje, 26 Abril no Circuito Estoril. Est\u00e3o encontrados os primeiros vencedores da temporada de 2025.\" \/>\n<meta name=\"robots\" content=\"index, follow, max-snippet:-1, max-image-preview:large, max-video-preview:-1\" \/>\n<link rel=\"canonical\" href=\"https:\/\/www.circuito-estoril.pt\/en\/cnv1-2025-arranca-no-estoril-com-muita-adrenalina\/\" \/>\n<meta property=\"og:locale\" content=\"en_US\" \/>\n<meta property=\"og:type\" content=\"article\" \/>\n<meta property=\"og:title\" content=\"Os primeiros vencedores do CNV 2025 - Circuito Estoril\" \/>\n<meta property=\"og:description\" content=\"Campeonato Nacional Velocidade arrancou hoje, 26 Abril no Circuito Estoril. Est\u00e3o encontrados os primeiros vencedores da temporada de 2025.\" \/>\n<meta property=\"og:url\" content=\"https:\/\/www.circuito-estoril.pt\/en\/cnv1-2025-arranca-no-estoril-com-muita-adrenalina\/\" \/>\n<meta property=\"og:site_name\" content=\"Circuito Estoril\" \/>\n<meta property=\"article:publisher\" content=\"https:\/\/www.facebook.com\/circuitoestoriloficial\" \/>\n<meta property=\"article:published_time\" content=\"2025-04-26T08:54:51+00:00\" \/>\n<meta property=\"article:modified_time\" content=\"2025-09-13T11:17:16+00:00\" \/>\n<meta property=\"og:image\" content=\"https:\/\/www.circuito-estoril.pt\/wp-content\/uploads\/2025\/04\/MG_9401-1024x576.png\" \/>\n\t<meta property=\"og:image:width\" content=\"1024\" \/>\n\t<meta property=\"og:image:height\" content=\"576\" \/>\n\t<meta property=\"og:image:type\" content=\"image\/png\" \/>\n<meta name=\"author\" content=\"Alexandre Fernandes\" \/>\n<meta name=\"twitter:card\" content=\"summary_large_image\" \/>\n<meta name=\"twitter:creator\" content=\"@CIRCUITOESTORIL\" \/>\n<meta name=\"twitter:site\" content=\"@CIRCUITOESTORIL\" \/>\n<meta name=\"twitter:label1\" content=\"Written by\" \/>\n\t<meta name=\"twitter:data1\" content=\"Alexandre Fernandes\" \/>\n\t<meta name=\"twitter:label2\" content=\"Est. reading time\" \/>\n\t<meta name=\"twitter:data2\" content=\"10 minutes\" \/>\n<script type=\"application\/ld+json\" class=\"yoast-schema-graph\">{\"@context\":\"https:\/\/schema.org\",\"@graph\":[{\"@type\":\"Article\",\"@id\":\"https:\/\/www.circuito-estoril.pt\/en\/cnv1-2025-arranca-no-estoril-com-muita-adrenalina\/#article\",\"isPartOf\":{\"@id\":\"https:\/\/www.circuito-estoril.pt\/en\/cnv1-2025-arranca-no-estoril-com-muita-adrenalina\/\"},\"author\":{\"name\":\"Alexandre Fernandes\",\"@id\":\"https:\/\/www.circuito-estoril.pt\/en\/#\/schema\/person\/2d5d17895eec24e0121f57c18706e69d\"},\"headline\":\"Os primeiros vencedores do CNV 2025\",\"datePublished\":\"2025-04-26T08:54:51+00:00\",\"dateModified\":\"2025-09-13T11:17:16+00:00\",\"mainEntityOfPage\":{\"@id\":\"https:\/\/www.circuito-estoril.pt\/en\/cnv1-2025-arranca-no-estoril-com-muita-adrenalina\/\"},\"wordCount\":1801,\"publisher\":{\"@id\":\"https:\/\/www.circuito-estoril.pt\/en\/#organization\"},\"articleSection\":[\"BIKES\",\"CNV\"],\"inLanguage\":\"en-US\"},{\"@type\":\"WebPage\",\"@id\":\"https:\/\/www.circuito-estoril.pt\/en\/cnv1-2025-arranca-no-estoril-com-muita-adrenalina\/\",\"url\":\"https:\/\/www.circuito-estoril.pt\/en\/cnv1-2025-arranca-no-estoril-com-muita-adrenalina\/\",\"name\":\"Os primeiros vencedores do CNV 2025 - Circuito Estoril\",\"isPartOf\":{\"@id\":\"https:\/\/www.circuito-estoril.pt\/en\/#website\"},\"datePublished\":\"2025-04-26T08:54:51+00:00\",\"dateModified\":\"2025-09-13T11:17:16+00:00\",\"description\":\"Campeonato Nacional Velocidade arrancou hoje, 26 Abril no Circuito Estoril. Est\u00e3o encontrados os primeiros vencedores da temporada de 2025.\",\"breadcrumb\":{\"@id\":\"https:\/\/www.circuito-estoril.pt\/en\/cnv1-2025-arranca-no-estoril-com-muita-adrenalina\/#breadcrumb\"},\"inLanguage\":\"en-US\",\"potentialAction\":[{\"@type\":\"ReadAction\",\"target\":[\"https:\/\/www.circuito-estoril.pt\/en\/cnv1-2025-arranca-no-estoril-com-muita-adrenalina\/\"]}]},{\"@type\":\"BreadcrumbList\",\"@id\":\"https:\/\/www.circuito-estoril.pt\/en\/cnv1-2025-arranca-no-estoril-com-muita-adrenalina\/#breadcrumb\",\"itemListElement\":[{\"@type\":\"ListItem\",\"position\":1,\"name\":\"Home\",\"item\":\"https:\/\/www.circuito-estoril.pt\/en\/\"},{\"@type\":\"ListItem\",\"position\":2,\"name\":\"Os primeiros vencedores do CNV 2025\"}]},{\"@type\":\"WebSite\",\"@id\":\"https:\/\/www.circuito-estoril.pt\/en\/#website\",\"url\":\"https:\/\/www.circuito-estoril.pt\/en\/\",\"name\":\"Circuito Estoril\",\"description\":\"\",\"publisher\":{\"@id\":\"https:\/\/www.circuito-estoril.pt\/en\/#organization\"},\"potentialAction\":[{\"@type\":\"SearchAction\",\"target\":{\"@type\":\"EntryPoint\",\"urlTemplate\":\"https:\/\/www.circuito-estoril.pt\/en\/?s={search_term_string}\"},\"query-input\":\"required name=search_term_string\"}],\"inLanguage\":\"en-US\"},{\"@type\":\"Organization\",\"@id\":\"https:\/\/www.circuito-estoril.pt\/en\/#organization\",\"name\":\"Circuito Estoril\",\"url\":\"https:\/\/www.circuito-estoril.pt\/en\/\",\"logo\":{\"@type\":\"ImageObject\",\"inLanguage\":\"en-US\",\"@id\":\"https:\/\/www.circuito-estoril.pt\/en\/#\/schema\/logo\/image\/\",\"url\":\"https:\/\/www.circuito-estoril.pt\/wp-content\/uploads\/2023\/02\/logo-estoril.svg\",\"contentUrl\":\"https:\/\/www.circuito-estoril.pt\/wp-content\/uploads\/2023\/02\/logo-estoril.svg\",\"width\":1111,\"height\":593,\"caption\":\"Circuito Estoril\"},\"image\":{\"@id\":\"https:\/\/www.circuito-estoril.pt\/en\/#\/schema\/logo\/image\/\"},\"sameAs\":[\"https:\/\/www.facebook.com\/circuitoestoriloficial\",\"https:\/\/twitter.com\/CIRCUITOESTORIL\",\"https:\/\/www.instagram.com\/p\/Cul3rkWMJOX\/\",\"https:\/\/www.youtube.com\/channel\/UC8lzZq-9gcUH548iHzEMOiA\"]},{\"@type\":\"Person\",\"@id\":\"https:\/\/www.circuito-estoril.pt\/en\/#\/schema\/person\/2d5d17895eec24e0121f57c18706e69d\",\"name\":\"Alexandre Fernandes\",\"image\":{\"@type\":\"ImageObject\",\"inLanguage\":\"en-US\",\"@id\":\"https:\/\/www.circuito-estoril.pt\/en\/#\/schema\/person\/image\/\",\"url\":\"https:\/\/secure.gravatar.com\/avatar\/9737a6b40373905b1cd364eb4a58aa6f0b703d2b642da41a186dfec903ac0afe?s=96&d=mm&r=g\",\"contentUrl\":\"https:\/\/secure.gravatar.com\/avatar\/9737a6b40373905b1cd364eb4a58aa6f0b703d2b642da41a186dfec903ac0afe?s=96&d=mm&r=g\",\"caption\":\"Alexandre Fernandes\"},\"url\":\"https:\/\/www.circuito-estoril.pt\/en\/author\/alexandre-fernandestherebelyell-pt\/\"}]}<\/script>\n<!-- \/ Yoast SEO plugin. -->","yoast_head_json":{"title":"Os primeiros vencedores do CNV 2025 - Circuito Estoril","description":"Campeonato Nacional Velocidade arrancou hoje, 26 Abril no Circuito Estoril. Est\u00e3o encontrados os primeiros vencedores da temporada de 2025.","robots":{"index":"index","follow":"follow","max-snippet":"max-snippet:-1","max-image-preview":"max-image-preview:large","max-video-preview":"max-video-preview:-1"},"canonical":"https:\/\/www.circuito-estoril.pt\/en\/cnv1-2025-arranca-no-estoril-com-muita-adrenalina\/","og_locale":"en_US","og_type":"article","og_title":"Os primeiros vencedores do CNV 2025 - Circuito Estoril","og_description":"Campeonato Nacional Velocidade arrancou hoje, 26 Abril no Circuito Estoril. Est\u00e3o encontrados os primeiros vencedores da temporada de 2025.","og_url":"https:\/\/www.circuito-estoril.pt\/en\/cnv1-2025-arranca-no-estoril-com-muita-adrenalina\/","og_site_name":"Circuito Estoril","article_publisher":"https:\/\/www.facebook.com\/circuitoestoriloficial","article_published_time":"2025-04-26T08:54:51+00:00","article_modified_time":"2025-09-13T11:17:16+00:00","og_image":[{"width":1024,"height":576,"url":"https:\/\/www.circuito-estoril.pt\/wp-content\/uploads\/2025\/04\/MG_9401-1024x576.png","type":"image\/png"}],"author":"Alexandre Fernandes","twitter_card":"summary_large_image","twitter_creator":"@CIRCUITOESTORIL","twitter_site":"@CIRCUITOESTORIL","twitter_misc":{"Written by":"Alexandre Fernandes","Est. reading time":"10 minutes"},"schema":{"@context":"https:\/\/schema.org","@graph":[{"@type":"Article","@id":"https:\/\/www.circuito-estoril.pt\/en\/cnv1-2025-arranca-no-estoril-com-muita-adrenalina\/#article","isPartOf":{"@id":"https:\/\/www.circuito-estoril.pt\/en\/cnv1-2025-arranca-no-estoril-com-muita-adrenalina\/"},"author":{"name":"Alexandre Fernandes","@id":"https:\/\/www.circuito-estoril.pt\/en\/#\/schema\/person\/2d5d17895eec24e0121f57c18706e69d"},"headline":"Os primeiros vencedores do CNV 2025","datePublished":"2025-04-26T08:54:51+00:00","dateModified":"2025-09-13T11:17:16+00:00","mainEntityOfPage":{"@id":"https:\/\/www.circuito-estoril.pt\/en\/cnv1-2025-arranca-no-estoril-com-muita-adrenalina\/"},"wordCount":1801,"publisher":{"@id":"https:\/\/www.circuito-estoril.pt\/en\/#organization"},"articleSection":["BIKES","CNV"],"inLanguage":"en-US"},{"@type":"WebPage","@id":"https:\/\/www.circuito-estoril.pt\/en\/cnv1-2025-arranca-no-estoril-com-muita-adrenalina\/","url":"https:\/\/www.circuito-estoril.pt\/en\/cnv1-2025-arranca-no-estoril-com-muita-adrenalina\/","name":"Os primeiros vencedores do CNV 2025 - Circuito Estoril","isPartOf":{"@id":"https:\/\/www.circuito-estoril.pt\/en\/#website"},"datePublished":"2025-04-26T08:54:51+00:00","dateModified":"2025-09-13T11:17:16+00:00","description":"Campeonato Nacional Velocidade arrancou hoje, 26 Abril no Circuito Estoril. Est\u00e3o encontrados os primeiros vencedores da temporada de 2025.","breadcrumb":{"@id":"https:\/\/www.circuito-estoril.pt\/en\/cnv1-2025-arranca-no-estoril-com-muita-adrenalina\/#breadcrumb"},"inLanguage":"en-US","potentialAction":[{"@type":"ReadAction","target":["https:\/\/www.circuito-estoril.pt\/en\/cnv1-2025-arranca-no-estoril-com-muita-adrenalina\/"]}]},{"@type":"BreadcrumbList","@id":"https:\/\/www.circuito-estoril.pt\/en\/cnv1-2025-arranca-no-estoril-com-muita-adrenalina\/#breadcrumb","itemListElement":[{"@type":"ListItem","position":1,"name":"Home","item":"https:\/\/www.circuito-estoril.pt\/en\/"},{"@type":"ListItem","position":2,"name":"Os primeiros vencedores do CNV 2025"}]},{"@type":"WebSite","@id":"https:\/\/www.circuito-estoril.pt\/en\/#website","url":"https:\/\/www.circuito-estoril.pt\/en\/","name":"Circuito Estoril","description":"","publisher":{"@id":"https:\/\/www.circuito-estoril.pt\/en\/#organization"},"potentialAction":[{"@type":"SearchAction","target":{"@type":"EntryPoint","urlTemplate":"https:\/\/www.circuito-estoril.pt\/en\/?s={search_term_string}"},"query-input":"required name=search_term_string"}],"inLanguage":"en-US"},{"@type":"Organization","@id":"https:\/\/www.circuito-estoril.pt\/en\/#organization","name":"Circuito Estoril","url":"https:\/\/www.circuito-estoril.pt\/en\/","logo":{"@type":"ImageObject","inLanguage":"en-US","@id":"https:\/\/www.circuito-estoril.pt\/en\/#\/schema\/logo\/image\/","url":"https:\/\/www.circuito-estoril.pt\/wp-content\/uploads\/2023\/02\/logo-estoril.svg","contentUrl":"https:\/\/www.circuito-estoril.pt\/wp-content\/uploads\/2023\/02\/logo-estoril.svg","width":1111,"height":593,"caption":"Circuito Estoril"},"image":{"@id":"https:\/\/www.circuito-estoril.pt\/en\/#\/schema\/logo\/image\/"},"sameAs":["https:\/\/www.facebook.com\/circuitoestoriloficial","https:\/\/twitter.com\/CIRCUITOESTORIL","https:\/\/www.instagram.com\/p\/Cul3rkWMJOX\/","https:\/\/www.youtube.com\/channel\/UC8lzZq-9gcUH548iHzEMOiA"]},{"@type":"Person","@id":"https:\/\/www.circuito-estoril.pt\/en\/#\/schema\/person\/2d5d17895eec24e0121f57c18706e69d","name":"Alexandre Fernandes","image":{"@type":"ImageObject","inLanguage":"en-US","@id":"https:\/\/www.circuito-estoril.pt\/en\/#\/schema\/person\/image\/","url":"https:\/\/secure.gravatar.com\/avatar\/9737a6b40373905b1cd364eb4a58aa6f0b703d2b642da41a186dfec903ac0afe?s=96&d=mm&r=g","contentUrl":"https:\/\/secure.gravatar.com\/avatar\/9737a6b40373905b1cd364eb4a58aa6f0b703d2b642da41a186dfec903ac0afe?s=96&d=mm&r=g","caption":"Alexandre Fernandes"},"url":"https:\/\/www.circuito-estoril.pt\/en\/author\/alexandre-fernandestherebelyell-pt\/"}]}},"_links":{"self":[{"href":"https:\/\/www.circuito-estoril.pt\/en\/wp-json\/wp\/v2\/posts\/3960","targetHints":{"allow":["GET"]}}],"collection":[{"href":"https:\/\/www.circuito-estoril.pt\/en\/wp-json\/wp\/v2\/posts"}],"about":[{"href":"https:\/\/www.circuito-estoril.pt\/en\/wp-json\/wp\/v2\/types\/post"}],"author":[{"embeddable":true,"href":"https:\/\/www.circuito-estoril.pt\/en\/wp-json\/wp\/v2\/users\/3"}],"replies":[{"embeddable":true,"href":"https:\/\/www.circuito-estoril.pt\/en\/wp-json\/wp\/v2\/comments?post=3960"}],"version-history":[{"count":3,"href":"https:\/\/www.circuito-estoril.pt\/en\/wp-json\/wp\/v2\/posts\/3960\/revisions"}],"predecessor-version":[{"id":3963,"href":"https:\/\/www.circuito-estoril.pt\/en\/wp-json\/wp\/v2\/posts\/3960\/revisions\/3963"}],"wp:featuredmedia":[{"embeddable":true,"href":"https:\/\/www.circuito-estoril.pt\/en\/wp-json\/wp\/v2\/media\/3955"}],"wp:attachment":[{"href":"https:\/\/www.circuito-estoril.pt\/en\/wp-json\/wp\/v2\/media?parent=3960"}],"wp:term":[{"taxonomy":"category","embeddable":true,"href":"https:\/\/www.circuito-estoril.pt\/en\/wp-json\/wp\/v2\/categories?post=3960"},{"taxonomy":"post_tag","embeddable":true,"href":"https:\/\/www.circuito-estoril.pt\/en\/wp-json\/wp\/v2\/tags?post=3960"}],"curies":[{"name":"wp","href":"https:\/\/api.w.org\/{rel}","templated":true}]}}